{"id":2072,"date":"2018-08-27T09:36:06","date_gmt":"2018-08-27T09:36:06","guid":{"rendered":"https:\/\/www.portugalimestones.com\/non-classifiee\/reference-europe-cladding-projects-with-beige-limestones"},"modified":"2021-05-18T10:29:15","modified_gmt":"2021-05-18T10:29:15","slug":"projets-de-facade-reference-en-europe-avec-des-calcaires-beiges","status":"publish","type":"post","link":"https:\/\/www.portugalimestones.com\/fr\/nouvelles\/projets-reference\/projets-de-facade-reference-en-europe-avec-des-calcaires-beiges","title":{"rendered":"Projets de fa\u00e7ade reference en Europe avec des calcaires beiges"},"content":{"rendered":"<p>Le Portugal poss\u00e8de une quantit\u00e9 et une diversit\u00e9 abondantes de calcaires de couleur claire, qui ont eu une demande consid\u00e9rable en Europe pour les applications de rev\u00eatement de murs ext\u00e9rieurs. Apr\u00e8s des ann\u00e9es d&rsquo;approvisionnement, il existe aujourd&rsquo;hui un portefeuille int\u00e9ressant de projets de rev\u00eatement dans toute l&rsquo;Europe qui montre \u00e0 quel point les calcaires portugais sont populaires. Et le r\u00e9sultat final des projets est explicite. Nous parlons de calcaires uniformes, \u00e9l\u00e9gants, durables et soucieux du prix qui ont conquis les esprits et le c\u0153ur des designers, architectes et d\u00e9veloppeurs du continent.<\/p>\n<p><strong>Lisez l&rsquo;article complet sur <a href=\"http:\/\/www.moleanos.com\/blog\/projects\/portuguese-limestone-cladding-projects-in-europe\" target=\"_blank\" rel=\"noopener noreferrer\">Moleanos.com<\/a><\/strong><\/p>\n","protected":false},"excerpt":{"rendered":"<p>Le Portugal poss\u00e8de une quantit\u00e9 et une diversit\u00e9 abondantes de calcaires de couleur claire, qui ont eu une demande consid\u00e9rable en Europe pour les applications de rev\u00eatement de murs ext\u00e9rieurs.<\/p>\n","protected":false},"author":5,"featured_media":0,"comment_status":"closed","ping_status":"closed","sticky":false,"template":"","format":"standard","meta":{"footnotes":"","_members_access_role":[],"_members_access_error":""},"categories":[363],"tags":[415,427,417],"class_list":["post-2072","post","type-post","status-publish","format-standard","hentry","category-projets-reference","tag-facade","tag-pierre-calcaire-beige","tag-pierre-calcaire-moca-creme"],"_links":{"self":[{"href":"https:\/\/www.portugalimestones.com\/fr\/wp-json\/wp\/v2\/posts\/2072","targetHints":{"allow":["GET"]}}],"collection":[{"href":"https:\/\/www.portugalimestones.com\/fr\/wp-json\/wp\/v2\/posts"}],"about":[{"href":"https:\/\/www.portugalimestones.com\/fr\/wp-json\/wp\/v2\/types\/post"}],"author":[{"embeddable":true,"href":"https:\/\/www.portugalimestones.com\/fr\/wp-json\/wp\/v2\/users\/5"}],"replies":[{"embeddable":true,"href":"https:\/\/www.portugalimestones.com\/fr\/wp-json\/wp\/v2\/comments?post=2072"}],"version-history":[{"count":2,"href":"https:\/\/www.portugalimestones.com\/fr\/wp-json\/wp\/v2\/posts\/2072\/revisions"}],"predecessor-version":[{"id":2156,"href":"https:\/\/www.portugalimestones.com\/fr\/wp-json\/wp\/v2\/posts\/2072\/revisions\/2156"}],"wp:attachment":[{"href":"https:\/\/www.portugalimestones.com\/fr\/wp-json\/wp\/v2\/media?parent=2072"}],"wp:term":[{"taxonomy":"category","embeddable":true,"href":"https:\/\/www.portugalimestones.com\/fr\/wp-json\/wp\/v2\/categories?post=2072"},{"taxonomy":"post_tag","embeddable":true,"href":"https:\/\/www.portugalimestones.com\/fr\/wp-json\/wp\/v2\/tags?post=2072"}],"curies":[{"name":"wp","href":"https:\/\/api.w.org\/{rel}","templated":true}]}}